{"id":35268,"date":"2026-08-31T10:12:28","date_gmt":"2026-08-31T10:12:28","guid":{"rendered":"https:\/\/akademskaknjiga.com\/?p=35268"},"modified":"2026-08-31T10:58:47","modified_gmt":"2026-08-31T10:58:47","slug":"in-memoriam-slobodan-snajder-1948-2026","status":"publish","type":"post","link":"https:\/\/akademskaknjiga.com\/en\/in-memoriam-slobodan-snajder-1948-2026","title":{"rendered":"IN MEMORIAM: SLOBODAN \u0160NAJDER (1948\u20132026)"},"content":{"rendered":"<div><img decoding=\"async\" class=\"lazyload size-full wp-image-35269 aligncenter\" src=\"https:\/\/akademskaknjiga.com\/wp-content\/uploads\/2026\/08\/IMG_20260831_115912.jpg\" data-orig-src=\"https:\/\/akademskaknjiga.com\/wp-content\/uploads\/2026\/08\/IMG_20260831_115912.jpg\" alt=\"\" width=\"878\" height=\"1151\" srcset=\"data:image\/svg+xml,%3Csvg%20xmlns%3D%27http%3A%2F%2Fwww.w3.org%2F2000%2Fsvg%27%20width%3D%27878%27%20height%3D%271151%27%20viewBox%3D%270%200%20878%201151%27%3E%3Crect%20width%3D%27878%27%20height%3D%271151%27%20fill-opacity%3D%220%22%2F%3E%3C%2Fsvg%3E\" data-srcset=\"https:\/\/akademskaknjiga.com\/wp-content\/uploads\/2026\/08\/IMG_20260831_115912-9x12.jpg 9w, https:\/\/akademskaknjiga.com\/wp-content\/uploads\/2026\/08\/IMG_20260831_115912-200x262.jpg 200w, https:\/\/akademskaknjiga.com\/wp-content\/uploads\/2026\/08\/IMG_20260831_115912-229x300.jpg 229w, https:\/\/akademskaknjiga.com\/wp-content\/uploads\/2026\/08\/IMG_20260831_115912-400x524.jpg 400w, https:\/\/akademskaknjiga.com\/wp-content\/uploads\/2026\/08\/IMG_20260831_115912-500x655.jpg 500w, https:\/\/akademskaknjiga.com\/wp-content\/uploads\/2026\/08\/IMG_20260831_115912-600x787.jpg 600w, https:\/\/akademskaknjiga.com\/wp-content\/uploads\/2026\/08\/IMG_20260831_115912-700x918.jpg 700w, https:\/\/akademskaknjiga.com\/wp-content\/uploads\/2026\/08\/IMG_20260831_115912-768x1007.jpg 768w, https:\/\/akademskaknjiga.com\/wp-content\/uploads\/2026\/08\/IMG_20260831_115912-781x1024.jpg 781w, https:\/\/akademskaknjiga.com\/wp-content\/uploads\/2026\/08\/IMG_20260831_115912-800x1049.jpg 800w, https:\/\/akademskaknjiga.com\/wp-content\/uploads\/2026\/08\/IMG_20260831_115912.jpg 878w\" data-sizes=\"auto\" data-orig-sizes=\"(max-width: 878px) 100vw, 878px\" \/><\/div>\n<div><\/div>\n<div><\/div>\n<div>\n<p>Oti\u0161ao je Slobodan \u0160najder, veliki evropski, jugoslovenski i hrvatski pisac, jedan od onih autora \u010dije se delo nikada nije moglo zatvoriti u granice jedne knji\u017eevnosti, jednog jezika ili jednog vremena.<\/p>\n<p>Za Akademsku knjigu, Slobodan \u0160najder nije bio samo veliki pisac \u010dije smo knjige imali \u010dast da objavljujemo.<\/p>\n<p>Bio je na\u0161 prijatelj.<\/p>\n<p>Veza Slobodana \u0160najdera sa Akademskom knjigom, a naro\u010dito na\u0161e dugogodi\u0161nje prijateljstvo, prevazilazilo je uobi\u010dajeni odnos pisca i izdava\u010da. Bila je to bliskost nastala iz knjiga, razgovora, me\u0111usobnog poverenja i zajedni\u010dkog razumevanja knji\u017eevnosti kao prostora koji ne poznaje granice.<\/p>\n<p>Akademska knjiga objavila je dve \u0160najderove knjige. Tre\u0107a, Mara Leib, bila je u pripremi u trenutku njegove smrti i uskoro \u0107e iza\u0107i pred \u010ditaoce. Neizmerno mi je \u017eao \u0161to nije stigao da vidi njene korice i da se zajedni\u010dki radujemo njenom izlasku. Mara Leib\u00a0sada \u0107e, mimo svih na\u0161ih planova i \u017eelja, biti i na\u0161 prvi susret sa njegovom knjigom bez njegovog prisustva.<\/p>\n<p>Opra\u0161tamo se od dragog \u010doveka, prijatelja na\u0161e ku\u0107e, mog li\u010dnog prijatelja i ve\u010dnog borca za istinu.<\/p>\n<\/div>\n<div><\/div>\n<div>Slobodan \u0160najder bio je istaknuti dramski pisac, prozaista, teoreti\u010dar i publicista.<\/div>\n<div>Diplomirao je filozofiju i anglistiku na Filozofskom fakultetu u Zagrebu. Bio je suosniva\u010d i urednik teatrolo\u0161kog \u010dasopisa <i>Prolog<\/i>, te urednik edicije izdava\u010dke ku\u0107e <i>Cekade<\/i>\u00a0(Centar za kulturnu djelatnost omladine, Zagreb).<\/div>\n<div>Novele, eseje i pozori\u0161ne komade objavljuje od 1966. godine. Od januara do juna 1993. bio je kolumnista dnevnika <i>Glas Slavonije<\/i>\u00a0(Po\u010detnica za melankolike), a od 1994. do 2013. rije\u010dkog <i>Novog lista<\/i> (Opasne veze), dok je poslednjih godina kolumne objavljivao za <i>Telegram<\/i>.<\/div>\n<div><\/div>\n<div>Od 2001. do 2004. bio je ravnatelj Zagreba\u010dkog kazali\u0161ta mladih.<\/div>\n<div>Svoj prvi roman <i>Morendo<\/i>\u00a0objavio je 2012, sledili su <i>Doba mjedi<\/i>, <i>An\u0111eo nestajanja<\/i>, a u pripremi je njegov roman <i>Mara Leib<\/i>.<\/div>\n<div><\/div>\n<div>Dobitnik je Gaveline nagrada za dramu (SFRJ) i trostruki dobitnik Dr\u017ei\u0107eve nagrade (RH). Dobio je po\u010dasni doktorat Univerziteta za audiovizuelne umjetnosti ESRA sa sjedi\u0161tem u Skoplju 2011. godine.<\/div>\n<div><\/div>\n<div>Dobio je 2016. regionalnu nagradu \u201eMe\u0161a Selimovi\u0107\u201d (Tuzla) za roman <i>Doba mjedi<\/i>\u00a0i niz drugih priznanja.<\/div>\n<div><\/div>\n<div id=\"ms-outlook-mobile-body-separator-line\" dir=\"auto\" data-applydefaultfontstyles=\"true\">\n<div><\/div>\n<div><\/div>\n<\/div>","protected":false},"excerpt":{"rendered":"<p>Oti\u0161ao je Slobodan \u0160najder, veliki evropski, jugoslovenski i hrvatski pisac,  [&#8230;]<\/p>\n","protected":false},"author":1,"featured_media":35269,"comment_status":"open","ping_status":"open","sticky":false,"template":"","format":"standard","meta":{"_acf_changed":false,"footnotes":""},"categories":[1],"tags":[],"autor":[],"class_list":["post-35268","post","type-post","status-publish","format-standard","has-post-thumbnail","hentry","category-uncategorized-sr"],"acf":[],"_links":{"self":[{"href":"https:\/\/akademskaknjiga.com\/en\/wp-json\/wp\/v2\/posts\/35268","targetHints":{"allow":["GET"]}}],"collection":[{"href":"https:\/\/akademskaknjiga.com\/en\/wp-json\/wp\/v2\/posts"}],"about":[{"href":"https:\/\/akademskaknjiga.com\/en\/wp-json\/wp\/v2\/types\/post"}],"author":[{"embeddable":true,"href":"https:\/\/akademskaknjiga.com\/en\/wp-json\/wp\/v2\/users\/1"}],"replies":[{"embeddable":true,"href":"https:\/\/akademskaknjiga.com\/en\/wp-json\/wp\/v2\/comments?post=35268"}],"version-history":[{"count":3,"href":"https:\/\/akademskaknjiga.com\/en\/wp-json\/wp\/v2\/posts\/35268\/revisions"}],"predecessor-version":[{"id":35276,"href":"https:\/\/akademskaknjiga.com\/en\/wp-json\/wp\/v2\/posts\/35268\/revisions\/35276"}],"wp:featuredmedia":[{"embeddable":true,"href":"https:\/\/akademskaknjiga.com\/en\/wp-json\/wp\/v2\/media\/35269"}],"wp:attachment":[{"href":"https:\/\/akademskaknjiga.com\/en\/wp-json\/wp\/v2\/media?parent=35268"}],"wp:term":[{"taxonomy":"category","embeddable":true,"href":"https:\/\/akademskaknjiga.com\/en\/wp-json\/wp\/v2\/categories?post=35268"},{"taxonomy":"post_tag","embeddable":true,"href":"https:\/\/akademskaknjiga.com\/en\/wp-json\/wp\/v2\/tags?post=35268"},{"taxonomy":"autor","embeddable":true,"href":"https:\/\/akademskaknjiga.com\/en\/wp-json\/wp\/v2\/autor?post=35268"}],"curies":[{"name":"wp","href":"https:\/\/api.w.org\/{rel}","templated":true}]}}