{"id":34196,"date":"2026-04-09T14:38:14","date_gmt":"2026-04-09T14:38:14","guid":{"rendered":"https:\/\/akademskaknjiga.com\/?p=34196"},"modified":"2026-04-09T14:38:14","modified_gmt":"2026-04-09T14:38:14","slug":"akademska-knjiga-na-sarajevskom-sajmu-knjiga","status":"publish","type":"post","link":"https:\/\/akademskaknjiga.com\/en\/akademska-knjiga-na-sarajevskom-sajmu-knjiga","title":{"rendered":"Akademska knjiga na Sarajevskom sajmu knjiga"},"content":{"rendered":"<p><img decoding=\"async\" class=\"lazyload  wp-image-34197 aligncenter\" src=\"https:\/\/akademskaknjiga.com\/wp-content\/uploads\/2026\/04\/podgorica-sajam.png\" data-orig-src=\"https:\/\/akademskaknjiga.com\/wp-content\/uploads\/2026\/04\/podgorica-sajam.png\" alt=\"\" width=\"665\" height=\"665\" srcset=\"data:image\/svg+xml,%3Csvg%20xmlns%3D%27http%3A%2F%2Fwww.w3.org%2F2000%2Fsvg%27%20width%3D%27665%27%20height%3D%27665%27%20viewBox%3D%270%200%20665%20665%27%3E%3Crect%20width%3D%27665%27%20height%3D%27665%27%20fill-opacity%3D%220%22%2F%3E%3C%2Fsvg%3E\" data-srcset=\"https:\/\/akademskaknjiga.com\/wp-content\/uploads\/2026\/04\/podgorica-sajam-12x12.png 12w, https:\/\/akademskaknjiga.com\/wp-content\/uploads\/2026\/04\/podgorica-sajam-66x66.png 66w, https:\/\/akademskaknjiga.com\/wp-content\/uploads\/2026\/04\/podgorica-sajam-150x150.png 150w, https:\/\/akademskaknjiga.com\/wp-content\/uploads\/2026\/04\/podgorica-sajam-200x200.png 200w, https:\/\/akademskaknjiga.com\/wp-content\/uploads\/2026\/04\/podgorica-sajam-300x300.png 300w, https:\/\/akademskaknjiga.com\/wp-content\/uploads\/2026\/04\/podgorica-sajam-400x400.png 400w, https:\/\/akademskaknjiga.com\/wp-content\/uploads\/2026\/04\/podgorica-sajam-500x500.png 500w, https:\/\/akademskaknjiga.com\/wp-content\/uploads\/2026\/04\/podgorica-sajam-600x600.png 600w, https:\/\/akademskaknjiga.com\/wp-content\/uploads\/2026\/04\/podgorica-sajam-700x700.png 700w, https:\/\/akademskaknjiga.com\/wp-content\/uploads\/2026\/04\/podgorica-sajam-768x768.png 768w, https:\/\/akademskaknjiga.com\/wp-content\/uploads\/2026\/04\/podgorica-sajam-800x800.png 800w, https:\/\/akademskaknjiga.com\/wp-content\/uploads\/2026\/04\/podgorica-sajam-1024x1024.png 1024w, https:\/\/akademskaknjiga.com\/wp-content\/uploads\/2026\/04\/podgorica-sajam.png 1080w\" data-sizes=\"auto\" data-orig-sizes=\"(max-width: 665px) 100vw, 665px\" \/><\/p>\n<p>Akademska knjiga \u0107e svoja izdanja predstaviti na Sarajevskom sajmu knjiga od 22. do 27. aprila.<\/p>\n<p>Sajam se odr\u017eava u Centru Skenderija (Terezija bb), a radno vreme je od 10 do 19 \u010dasova.<\/p>\n<p>Tokom trajanja Sajma odr\u017ea\u0107e se dve promocije na\u0161ih izdanja.<\/p>\n<p>U petak<span class=\"a_GcMg font-feature-liga-off font-feature-clig-off font-feature-calt-off text-decoration-none text-strikethrough-none\">, 24. aprila sa po\u010detkom u 16.30 \u010dasova bi\u0107e predstavljena knjiga &#8222;Mali otac&#8220; Almina Kaplana.\u00a0<\/span><\/p>\n<p>U nedelju, 26. aprila sa po\u010detkom<span class=\"a_GcMg font-feature-liga-off font-feature-clig-off font-feature-calt-off text-decoration-none text-strikethrough-none\"> u 16.10<\/span> \u010dasova bi\u0107e predstavljena knjiga &#8222;Leksikon Andri\u0107evog Sarajeva&#8220; <span class=\"a_GcMg font-feature-liga-off font-feature-clig-off font-feature-calt-off text-decoration-none text-strikethrough-none\">Borjana Mitrovi\u0107a<\/span><\/p>\n\n\t\t<style>\n\t\t\t#gallery-1 {\n\t\t\t\tmargin: auto;\n\t\t\t}\n\t\t\t#gallery-1 .gallery-item {\n\t\t\t\tfloat: left;\n\t\t\t\tmargin-top: 10px;\n\t\t\t\ttext-align: center;\n\t\t\t\twidth: 50%;\n\t\t\t}\n\t\t\t#gallery-1 img {\n\t\t\t\tborder: 2px solid #cfcfcf;\n\t\t\t}\n\t\t\t#gallery-1 .gallery-caption {\n\t\t\t\tmargin-left: 0;\n\t\t\t}\n\t\t\t\/* see gallery_shortcode() in wp-includes\/media.php *\/\n\t\t<\/style>\n\t\t<div id='gallery-1' class='gallery galleryid-34196 gallery-columns-2 gallery-size-medium'><dl class='gallery-item'>\n\t\t\t<dt class='gallery-icon landscape'>\n\t\t\t\t<a data-rel=\"iLightbox[postimages]\" data-title=\"podgorica sajam (2)\" data-caption=\"\" href='https:\/\/akademskaknjiga.com\/wp-content\/uploads\/2026\/04\/podgorica-sajam-2.png'><img decoding=\"async\" width=\"300\" height=\"300\" src=\"https:\/\/akademskaknjiga.com\/wp-content\/uploads\/2026\/04\/podgorica-sajam-2-300x300.png\" class=\"attachment-medium size-medium lazyload\" alt=\"\" srcset=\"data:image\/svg+xml,%3Csvg%20xmlns%3D%27http%3A%2F%2Fwww.w3.org%2F2000%2Fsvg%27%20width%3D%271080%27%20height%3D%271080%27%20viewBox%3D%270%200%201080%201080%27%3E%3Crect%20width%3D%271080%27%20height%3D%271080%27%20fill-opacity%3D%220%22%2F%3E%3C%2Fsvg%3E\" data-orig-src=\"https:\/\/akademskaknjiga.com\/wp-content\/uploads\/2026\/04\/podgorica-sajam-2-300x300.png\" data-srcset=\"https:\/\/akademskaknjiga.com\/wp-content\/uploads\/2026\/04\/podgorica-sajam-2-12x12.png 12w, https:\/\/akademskaknjiga.com\/wp-content\/uploads\/2026\/04\/podgorica-sajam-2-66x66.png 66w, https:\/\/akademskaknjiga.com\/wp-content\/uploads\/2026\/04\/podgorica-sajam-2-150x150.png 150w, https:\/\/akademskaknjiga.com\/wp-content\/uploads\/2026\/04\/podgorica-sajam-2-200x200.png 200w, https:\/\/akademskaknjiga.com\/wp-content\/uploads\/2026\/04\/podgorica-sajam-2-300x300.png 300w, https:\/\/akademskaknjiga.com\/wp-content\/uploads\/2026\/04\/podgorica-sajam-2-400x400.png 400w, https:\/\/akademskaknjiga.com\/wp-content\/uploads\/2026\/04\/podgorica-sajam-2-500x500.png 500w, https:\/\/akademskaknjiga.com\/wp-content\/uploads\/2026\/04\/podgorica-sajam-2-600x600.png 600w, https:\/\/akademskaknjiga.com\/wp-content\/uploads\/2026\/04\/podgorica-sajam-2-700x700.png 700w, https:\/\/akademskaknjiga.com\/wp-content\/uploads\/2026\/04\/podgorica-sajam-2-768x768.png 768w, https:\/\/akademskaknjiga.com\/wp-content\/uploads\/2026\/04\/podgorica-sajam-2-800x800.png 800w, https:\/\/akademskaknjiga.com\/wp-content\/uploads\/2026\/04\/podgorica-sajam-2-1024x1024.png 1024w, https:\/\/akademskaknjiga.com\/wp-content\/uploads\/2026\/04\/podgorica-sajam-2.png 1080w\" data-sizes=\"auto\" \/><\/a>\n\t\t\t<\/dt><\/dl><dl class='gallery-item'>\n\t\t\t<dt class='gallery-icon landscape'>\n\t\t\t\t<a data-rel=\"iLightbox[postimages]\" data-title=\"podgorica sajam (1)\" data-caption=\"\" href='https:\/\/akademskaknjiga.com\/wp-content\/uploads\/2026\/04\/podgorica-sajam-1.png'><img decoding=\"async\" width=\"300\" height=\"300\" src=\"https:\/\/akademskaknjiga.com\/wp-content\/uploads\/2026\/04\/podgorica-sajam-1-300x300.png\" class=\"attachment-medium size-medium lazyload\" alt=\"\" srcset=\"data:image\/svg+xml,%3Csvg%20xmlns%3D%27http%3A%2F%2Fwww.w3.org%2F2000%2Fsvg%27%20width%3D%271080%27%20height%3D%271080%27%20viewBox%3D%270%200%201080%201080%27%3E%3Crect%20width%3D%271080%27%20height%3D%271080%27%20fill-opacity%3D%220%22%2F%3E%3C%2Fsvg%3E\" data-orig-src=\"https:\/\/akademskaknjiga.com\/wp-content\/uploads\/2026\/04\/podgorica-sajam-1-300x300.png\" data-srcset=\"https:\/\/akademskaknjiga.com\/wp-content\/uploads\/2026\/04\/podgorica-sajam-1-12x12.png 12w, https:\/\/akademskaknjiga.com\/wp-content\/uploads\/2026\/04\/podgorica-sajam-1-66x66.png 66w, https:\/\/akademskaknjiga.com\/wp-content\/uploads\/2026\/04\/podgorica-sajam-1-150x150.png 150w, https:\/\/akademskaknjiga.com\/wp-content\/uploads\/2026\/04\/podgorica-sajam-1-200x200.png 200w, https:\/\/akademskaknjiga.com\/wp-content\/uploads\/2026\/04\/podgorica-sajam-1-300x300.png 300w, https:\/\/akademskaknjiga.com\/wp-content\/uploads\/2026\/04\/podgorica-sajam-1-400x400.png 400w, https:\/\/akademskaknjiga.com\/wp-content\/uploads\/2026\/04\/podgorica-sajam-1-500x500.png 500w, https:\/\/akademskaknjiga.com\/wp-content\/uploads\/2026\/04\/podgorica-sajam-1-600x600.png 600w, https:\/\/akademskaknjiga.com\/wp-content\/uploads\/2026\/04\/podgorica-sajam-1-700x700.png 700w, https:\/\/akademskaknjiga.com\/wp-content\/uploads\/2026\/04\/podgorica-sajam-1-768x768.png 768w, https:\/\/akademskaknjiga.com\/wp-content\/uploads\/2026\/04\/podgorica-sajam-1-800x800.png 800w, https:\/\/akademskaknjiga.com\/wp-content\/uploads\/2026\/04\/podgorica-sajam-1-1024x1024.png 1024w, https:\/\/akademskaknjiga.com\/wp-content\/uploads\/2026\/04\/podgorica-sajam-1.png 1080w\" data-sizes=\"auto\" \/><\/a>\n\t\t\t<\/dt><\/dl><br style=\"clear: both\" \/>\n\t\t<\/div>\n\n","protected":false},"excerpt":{"rendered":"<p>Akademska knjiga \u0107e svoja izdanja predstaviti na Sarajevskom sajmu knjiga  [&#8230;]<\/p>\n","protected":false},"author":1,"featured_media":34197,"comment_status":"open","ping_status":"open","sticky":false,"template":"","format":"standard","meta":{"_acf_changed":false,"footnotes":""},"categories":[1],"tags":[],"autor":[],"class_list":["post-34196","post","type-post","status-publish","format-standard","has-post-thumbnail","hentry","category-uncategorized-sr"],"acf":[],"_links":{"self":[{"href":"https:\/\/akademskaknjiga.com\/en\/wp-json\/wp\/v2\/posts\/34196","targetHints":{"allow":["GET"]}}],"collection":[{"href":"https:\/\/akademskaknjiga.com\/en\/wp-json\/wp\/v2\/posts"}],"about":[{"href":"https:\/\/akademskaknjiga.com\/en\/wp-json\/wp\/v2\/types\/post"}],"author":[{"embeddable":true,"href":"https:\/\/akademskaknjiga.com\/en\/wp-json\/wp\/v2\/users\/1"}],"replies":[{"embeddable":true,"href":"https:\/\/akademskaknjiga.com\/en\/wp-json\/wp\/v2\/comments?post=34196"}],"version-history":[{"count":0,"href":"https:\/\/akademskaknjiga.com\/en\/wp-json\/wp\/v2\/posts\/34196\/revisions"}],"wp:featuredmedia":[{"embeddable":true,"href":"https:\/\/akademskaknjiga.com\/en\/wp-json\/wp\/v2\/media\/34197"}],"wp:attachment":[{"href":"https:\/\/akademskaknjiga.com\/en\/wp-json\/wp\/v2\/media?parent=34196"}],"wp:term":[{"taxonomy":"category","embeddable":true,"href":"https:\/\/akademskaknjiga.com\/en\/wp-json\/wp\/v2\/categories?post=34196"},{"taxonomy":"post_tag","embeddable":true,"href":"https:\/\/akademskaknjiga.com\/en\/wp-json\/wp\/v2\/tags?post=34196"},{"taxonomy":"autor","embeddable":true,"href":"https:\/\/akademskaknjiga.com\/en\/wp-json\/wp\/v2\/autor?post=34196"}],"curies":[{"name":"wp","href":"https:\/\/api.w.org\/{rel}","templated":true}]}}