{"id":33937,"date":"2026-03-02T13:37:08","date_gmt":"2026-03-02T13:37:08","guid":{"rendered":"https:\/\/akademskaknjiga.com\/?p=33937"},"modified":"2026-03-02T13:37:08","modified_gmt":"2026-03-02T13:37:08","slug":"mari-zanin-calic-u-uzem-izboru-za-nagradu-lajpciskog-sajma-knjiga","status":"publish","type":"post","link":"https:\/\/akademskaknjiga.com\/en\/mari-zanin-calic-u-uzem-izboru-za-nagradu-lajpciskog-sajma-knjiga","title":{"rendered":"Mari-\u017danin \u010cali\u0107 u u\u017eem izboru za Nagradu Lajpci\u0161kog sajma knjiga"},"content":{"rendered":"<p><img decoding=\"async\" class=\"lazyload size-full wp-image-33938 alignleft\" src=\"https:\/\/akademskaknjiga.com\/wp-content\/uploads\/2026\/03\/91UlKJe1u4L._SY425_.jpg\" data-orig-src=\"https:\/\/akademskaknjiga.com\/wp-content\/uploads\/2026\/03\/91UlKJe1u4L._SY425_.jpg\" alt=\"\" width=\"273\" height=\"425\" srcset=\"data:image\/svg+xml,%3Csvg%20xmlns%3D%27http%3A%2F%2Fwww.w3.org%2F2000%2Fsvg%27%20width%3D%27273%27%20height%3D%27425%27%20viewBox%3D%270%200%20273%20425%27%3E%3Crect%20width%3D%27273%27%20height%3D%27425%27%20fill-opacity%3D%220%22%2F%3E%3C%2Fsvg%3E\" data-srcset=\"https:\/\/akademskaknjiga.com\/wp-content\/uploads\/2026\/03\/91UlKJe1u4L._SY425_-8x12.jpg 8w, https:\/\/akademskaknjiga.com\/wp-content\/uploads\/2026\/03\/91UlKJe1u4L._SY425_-193x300.jpg 193w, https:\/\/akademskaknjiga.com\/wp-content\/uploads\/2026\/03\/91UlKJe1u4L._SY425_-200x311.jpg 200w, https:\/\/akademskaknjiga.com\/wp-content\/uploads\/2026\/03\/91UlKJe1u4L._SY425_.jpg 273w\" data-sizes=\"auto\" data-orig-sizes=\"(max-width: 273px) 100vw, 273px\" \/>Knjiga Mari-\u017danin \u010cali\u0107 <em>Balkan-Odyssee. 1933-1941. On the run from Hitler through south-eastern Europe, <\/em>koja \u0107e tokom ove godine iza\u0107i u izdanju Akademske knjige, uvr\u0161tena je u u\u017ei izbor presti\u017ene Nagrade Lajpci\u0161kog sajma knjiga za nefikciju.<\/p>\n<p>O knjizi:<\/p>\n<p>Pozori\u0161na zvezda Tila Dirije, pisci Manes \u0160perber i Ernst Toler, dramski pisac Franc Teodor \u010cokor, slikar Rihard Cigler i mnogi drugi \u2013 svi su pobegli od Hitlera u jugoisto\u010dnu Evropu i tamo prona\u0161li uto\u010di\u0161te. Ali ova prva balkanska ruta je danas prakti\u010dno zaboravljena. Mari-\u017danin \u010cali\u0107 je o\u017eivljava i pri\u010da dirljive pri\u010de o hrabrosti i \u010dove\u010dnosti, o bedi i izdaji, o spasavanju i propasti.<\/p>","protected":false},"excerpt":{"rendered":"<p>Knjiga Mari-\u017danin \u010cali\u0107 Balkan-Odyssee. 1933-1941. On the run from Hitler  [&#8230;]<\/p>\n","protected":false},"author":1,"featured_media":33938,"comment_status":"open","ping_status":"open","sticky":false,"template":"","format":"standard","meta":{"_acf_changed":false,"footnotes":""},"categories":[1],"tags":[],"autor":[],"class_list":["post-33937","post","type-post","status-publish","format-standard","has-post-thumbnail","hentry","category-uncategorized-sr"],"acf":[],"_links":{"self":[{"href":"https:\/\/akademskaknjiga.com\/en\/wp-json\/wp\/v2\/posts\/33937","targetHints":{"allow":["GET"]}}],"collection":[{"href":"https:\/\/akademskaknjiga.com\/en\/wp-json\/wp\/v2\/posts"}],"about":[{"href":"https:\/\/akademskaknjiga.com\/en\/wp-json\/wp\/v2\/types\/post"}],"author":[{"embeddable":true,"href":"https:\/\/akademskaknjiga.com\/en\/wp-json\/wp\/v2\/users\/1"}],"replies":[{"embeddable":true,"href":"https:\/\/akademskaknjiga.com\/en\/wp-json\/wp\/v2\/comments?post=33937"}],"version-history":[{"count":0,"href":"https:\/\/akademskaknjiga.com\/en\/wp-json\/wp\/v2\/posts\/33937\/revisions"}],"wp:featuredmedia":[{"embeddable":true,"href":"https:\/\/akademskaknjiga.com\/en\/wp-json\/wp\/v2\/media\/33938"}],"wp:attachment":[{"href":"https:\/\/akademskaknjiga.com\/en\/wp-json\/wp\/v2\/media?parent=33937"}],"wp:term":[{"taxonomy":"category","embeddable":true,"href":"https:\/\/akademskaknjiga.com\/en\/wp-json\/wp\/v2\/categories?post=33937"},{"taxonomy":"post_tag","embeddable":true,"href":"https:\/\/akademskaknjiga.com\/en\/wp-json\/wp\/v2\/tags?post=33937"},{"taxonomy":"autor","embeddable":true,"href":"https:\/\/akademskaknjiga.com\/en\/wp-json\/wp\/v2\/autor?post=33937"}],"curies":[{"name":"wp","href":"https:\/\/api.w.org\/{rel}","templated":true}]}}