{"id":33221,"date":"2025-12-09T15:33:36","date_gmt":"2025-12-09T15:33:36","guid":{"rendered":"https:\/\/akademskaknjiga.com\/?p=33221"},"modified":"2025-12-10T13:00:56","modified_gmt":"2025-12-10T13:00:56","slug":"gostovanje-dzozefa-stiglica-u-beogradu-12-i-13-decembra","status":"publish","type":"post","link":"https:\/\/akademskaknjiga.com\/en\/gostovanje-dzozefa-stiglica-u-beogradu-12-i-13-decembra","title":{"rendered":"Gostovanje D\u017eozefa Stiglica u Beogradu 12. i 13. decembra"},"content":{"rendered":"<p><img decoding=\"async\" class=\"lazyload size-full wp-image-33227 aligncenter\" src=\"https:\/\/akademskaknjiga.com\/wp-content\/uploads\/2025\/12\/IMG_20251209_171647_608.jpg\" data-orig-src=\"https:\/\/akademskaknjiga.com\/wp-content\/uploads\/2025\/12\/IMG_20251209_171647_608.jpg\" alt=\"\" width=\"1170\" height=\"658\" srcset=\"data:image\/svg+xml,%3Csvg%20xmlns%3D%27http%3A%2F%2Fwww.w3.org%2F2000%2Fsvg%27%20width%3D%271170%27%20height%3D%27658%27%20viewBox%3D%270%200%201170%20658%27%3E%3Crect%20width%3D%271170%27%20height%3D%27658%27%20fill-opacity%3D%220%22%2F%3E%3C%2Fsvg%3E\" data-srcset=\"https:\/\/akademskaknjiga.com\/wp-content\/uploads\/2025\/12\/IMG_20251209_171647_608-18x10.jpg 18w, https:\/\/akademskaknjiga.com\/wp-content\/uploads\/2025\/12\/IMG_20251209_171647_608-200x112.jpg 200w, https:\/\/akademskaknjiga.com\/wp-content\/uploads\/2025\/12\/IMG_20251209_171647_608-300x169.jpg 300w, https:\/\/akademskaknjiga.com\/wp-content\/uploads\/2025\/12\/IMG_20251209_171647_608-400x225.jpg 400w, https:\/\/akademskaknjiga.com\/wp-content\/uploads\/2025\/12\/IMG_20251209_171647_608-500x281.jpg 500w, https:\/\/akademskaknjiga.com\/wp-content\/uploads\/2025\/12\/IMG_20251209_171647_608-600x337.jpg 600w, https:\/\/akademskaknjiga.com\/wp-content\/uploads\/2025\/12\/IMG_20251209_171647_608-700x394.jpg 700w, https:\/\/akademskaknjiga.com\/wp-content\/uploads\/2025\/12\/IMG_20251209_171647_608-768x432.jpg 768w, https:\/\/akademskaknjiga.com\/wp-content\/uploads\/2025\/12\/IMG_20251209_171647_608-800x450.jpg 800w, https:\/\/akademskaknjiga.com\/wp-content\/uploads\/2025\/12\/IMG_20251209_171647_608-1024x576.jpg 1024w, https:\/\/akademskaknjiga.com\/wp-content\/uploads\/2025\/12\/IMG_20251209_171647_608.jpg 1170w\" data-sizes=\"auto\" data-orig-sizes=\"(max-width: 1170px) 100vw, 1170px\" \/><\/p>\n<p>Na poziv Instituta za filozofiju i dru\u0161tvenu teoriju i Francuskog instituta u Srbiji, D\u017eozef E. Stiglic, dobitnik Nobelove nagrade za ekonomiju, anga\u017eovani intelektualac i me\u0111unarodno priznati profesor na Univerzitetu Kolumbija, ro\u0111en u Sjedinjenim Ameri\u010dkim Dr\u017eavama, govori\u0107e u Beogradu o svojoj viziji Evrope \u2014 ju\u010dera\u0161nje, dana\u0161nje, sutra\u0161nje \u2014 iz li\u010dne, intelektualne i politi\u010dke perspektive 12. decembra u 19 \u010dasova u Evropskoj ku\u0107i u Beogradu (Zmaj Jovina).<\/p>\n<p>Razgovor \u0107e voditi Amos Rajhman, direktor Francuskog instituta u Srbiji. Na engleskom, uz simultani prevod na srpski i francuski.<\/p>\n<p>*<\/p>\n<p><span data-contrast=\"auto\">Se\u0107aju\u0107i se filozofa Miladina \u017divoti\u0107a, Institut za filozofiju i dru\u0161tvenu teoriju Univerziteta u Beogradu dodeljuje nagradu za kriti\u010dki anga\u017eman istaknutim teoreti\u010darkama i teoreti\u010darima \u010dije delovanje ima zna\u010dajan odjek u dru\u0161tvenoj praksi.<\/span><span data-ccp-props=\"{&quot;201341983&quot;:0,&quot;335551550&quot;:6,&quot;335551620&quot;:6,&quot;335559739&quot;:0,&quot;335559740&quot;:240}\">\u00a0<\/span><\/p>\n<p><span data-contrast=\"auto\">Nau\u010dno ve\u0107e Instituta, na predlog Komisije, donelo je odluku da se nagrada za 2025. godinu dodeli D\u017eozefu Stiglicu (Joseph Stiglitz), uglednom ekonomisti i dobitniku Nobelove nagrade za ekonomiju.<\/span><span data-ccp-props=\"{&quot;201341983&quot;:0,&quot;335551550&quot;:6,&quot;335551620&quot;:6,&quot;335559739&quot;:0,&quot;335559740&quot;:240}\">\u00a0<\/span><\/p>\n<p><span data-contrast=\"auto\">Nagrada \u0107e biti uru\u010dena 13. decembra 2025. godine u 17 \u010dasova, u Dvorani Kulturnog centra Beograda. Nakon uru\u010denja nagrade, profesor Stiglic \u0107e odr\u017eati predavanje pod naslovom:\u00a0<\/span><i><span data-contrast=\"auto\">Sloboda, akademska zajednica i dru\u0161tveni i ekonomski napredak<\/span><\/i><span data-contrast=\"auto\">.<\/span><span data-ccp-props=\"{&quot;201341983&quot;:0,&quot;335551550&quot;:6,&quot;335551620&quot;:6,&quot;335559739&quot;:0,&quot;335559740&quot;:240}\">\u00a0<\/span><\/p>\n<p>Istoga dana, u 11 \u010dasova bi\u0107e organizovan seminar sa D\u017eozefom Stiglicom.<\/p>\n<p>*<\/p>\n<p>D\u017eozef Stiglic je ameri\u010dki ekonomista i profesor na Univerzitetu Kolumbija. Tako\u0111e je ko-predsednik Nezavisne komisije za reformu me\u0111unarodnog korporativnog oporezivanja (ICRICT) i glavni ekonomista Instituta Roosevelt. Stiglitz je dobio Nobelovu nagradu za ekonomiju 2001. godine. Ranije je bio vi\u0161i potpredsednik i glavni ekonomista Svetske banke, kao i dugogodi\u0161nji \u010dlan i predsednik Saveta ekonomskih savetnika. Godine 2000. Stiglic je osnovao Inicijativu za politi\u010dki dijalog (Initiative for Policy Dialogue), think-tank posve\u0107en me\u0111unarodnom razvoju koji deluje pri Univerzitetu Kolumbija. Godine 2011. magazin\u00a0<em>Time<\/em>\u00a0proglasio ga je za jednu od 100 najuticajnijih osoba na svetu. 2024. je imenovan za po\u010dasnog akademika od strane Papinske akademije dru\u0161tvenih nauka, a 2025. ga je papa Franja imenovao za predsednika Komisije jubileja eksperata za re\u0161avanje kriza duga i razvoja.<\/p>\n<p>Autor je brojnih knjiga, a nekoliko prevoda na srpski objavila je Akademska knjiga:<\/p>\n<p><em>Slobodan pad. Amerika, slobodna tr\u017ei\u0161ta i slom svetske privrede (Freefall. America, Free Markets, and the Sinking of the World Economy<\/em>);\u00a0<em>Velika podela. Dru\u0161tva nejednakosti i \u0161ta da radimo sa njima (The Great Divide: Unequal Societies and What We Can Do About Them<\/em>);\u00a0<em>Narod, vlast, profit.\u00a0Progresivni kapitalizam u doba nezadovoljstva (People, Power, and Profits.<\/em>\u00a0<em>Progressive Capitalism for an Age of Discontent<\/em>),\u00a0<em>Evro.<\/em>\u00a0<em>Kako zajedni\u010dka valuta ugro\u017eava budu\u0107nost Evrope (The Euro. How a Common Currency Threatens the Future of Europe<\/em>).<\/p>","protected":false},"excerpt":{"rendered":"<p>Na poziv Instituta za filozofiju i dru\u0161tvenu teoriju i Francuskog  [&#8230;]<\/p>\n","protected":false},"author":1,"featured_media":33227,"comment_status":"open","ping_status":"open","sticky":false,"template":"","format":"standard","meta":{"_acf_changed":false,"footnotes":""},"categories":[1],"tags":[],"autor":[],"class_list":["post-33221","post","type-post","status-publish","format-standard","has-post-thumbnail","hentry","category-uncategorized-sr"],"acf":[],"_links":{"self":[{"href":"https:\/\/akademskaknjiga.com\/en\/wp-json\/wp\/v2\/posts\/33221","targetHints":{"allow":["GET"]}}],"collection":[{"href":"https:\/\/akademskaknjiga.com\/en\/wp-json\/wp\/v2\/posts"}],"about":[{"href":"https:\/\/akademskaknjiga.com\/en\/wp-json\/wp\/v2\/types\/post"}],"author":[{"embeddable":true,"href":"https:\/\/akademskaknjiga.com\/en\/wp-json\/wp\/v2\/users\/1"}],"replies":[{"embeddable":true,"href":"https:\/\/akademskaknjiga.com\/en\/wp-json\/wp\/v2\/comments?post=33221"}],"version-history":[{"count":0,"href":"https:\/\/akademskaknjiga.com\/en\/wp-json\/wp\/v2\/posts\/33221\/revisions"}],"wp:featuredmedia":[{"embeddable":true,"href":"https:\/\/akademskaknjiga.com\/en\/wp-json\/wp\/v2\/media\/33227"}],"wp:attachment":[{"href":"https:\/\/akademskaknjiga.com\/en\/wp-json\/wp\/v2\/media?parent=33221"}],"wp:term":[{"taxonomy":"category","embeddable":true,"href":"https:\/\/akademskaknjiga.com\/en\/wp-json\/wp\/v2\/categories?post=33221"},{"taxonomy":"post_tag","embeddable":true,"href":"https:\/\/akademskaknjiga.com\/en\/wp-json\/wp\/v2\/tags?post=33221"},{"taxonomy":"autor","embeddable":true,"href":"https:\/\/akademskaknjiga.com\/en\/wp-json\/wp\/v2\/autor?post=33221"}],"curies":[{"name":"wp","href":"https:\/\/api.w.org\/{rel}","templated":true}]}}