{"id":30157,"date":"2024-10-27T11:18:07","date_gmt":"2024-10-27T11:18:07","guid":{"rendered":"https:\/\/akademskaknjiga.com\/?p=30157"},"modified":"2024-10-27T11:18:07","modified_gmt":"2024-10-27T11:18:07","slug":"nagrada-za-najboljeg-izdavaca-godine-akademskoj-knjizi","status":"publish","type":"post","link":"https:\/\/akademskaknjiga.com\/en\/nagrada-za-najboljeg-izdavaca-godine-akademskoj-knjizi","title":{"rendered":"Nagrada za najboljeg izdava\u010da godine Akademskoj knjizi"},"content":{"rendered":"<p><img decoding=\"async\" class=\"lazyload size-full wp-image-30158 aligncenter\" src=\"https:\/\/akademskaknjiga.com\/wp-content\/uploads\/2024\/10\/IMG-6936e2b83a5f566de9b08baa043952fb-V.jpg\" data-orig-src=\"https:\/\/akademskaknjiga.com\/wp-content\/uploads\/2024\/10\/IMG-6936e2b83a5f566de9b08baa043952fb-V.jpg\" alt=\"\" width=\"1600\" height=\"1200\" srcset=\"data:image\/svg+xml,%3Csvg%20xmlns%3D%27http%3A%2F%2Fwww.w3.org%2F2000%2Fsvg%27%20width%3D%271600%27%20height%3D%271200%27%20viewBox%3D%270%200%201600%201200%27%3E%3Crect%20width%3D%271600%27%20height%3D%271200%27%20fill-opacity%3D%220%22%2F%3E%3C%2Fsvg%3E\" data-srcset=\"https:\/\/akademskaknjiga.com\/wp-content\/uploads\/2024\/10\/IMG-6936e2b83a5f566de9b08baa043952fb-V-16x12.jpg 16w, https:\/\/akademskaknjiga.com\/wp-content\/uploads\/2024\/10\/IMG-6936e2b83a5f566de9b08baa043952fb-V-200x150.jpg 200w, https:\/\/akademskaknjiga.com\/wp-content\/uploads\/2024\/10\/IMG-6936e2b83a5f566de9b08baa043952fb-V-300x225.jpg 300w, https:\/\/akademskaknjiga.com\/wp-content\/uploads\/2024\/10\/IMG-6936e2b83a5f566de9b08baa043952fb-V-400x300.jpg 400w, https:\/\/akademskaknjiga.com\/wp-content\/uploads\/2024\/10\/IMG-6936e2b83a5f566de9b08baa043952fb-V-500x375.jpg 500w, https:\/\/akademskaknjiga.com\/wp-content\/uploads\/2024\/10\/IMG-6936e2b83a5f566de9b08baa043952fb-V-600x450.jpg 600w, https:\/\/akademskaknjiga.com\/wp-content\/uploads\/2024\/10\/IMG-6936e2b83a5f566de9b08baa043952fb-V-700x525.jpg 700w, https:\/\/akademskaknjiga.com\/wp-content\/uploads\/2024\/10\/IMG-6936e2b83a5f566de9b08baa043952fb-V-768x576.jpg 768w, https:\/\/akademskaknjiga.com\/wp-content\/uploads\/2024\/10\/IMG-6936e2b83a5f566de9b08baa043952fb-V-800x600.jpg 800w, https:\/\/akademskaknjiga.com\/wp-content\/uploads\/2024\/10\/IMG-6936e2b83a5f566de9b08baa043952fb-V-1024x768.jpg 1024w, https:\/\/akademskaknjiga.com\/wp-content\/uploads\/2024\/10\/IMG-6936e2b83a5f566de9b08baa043952fb-V-1200x900.jpg 1200w, https:\/\/akademskaknjiga.com\/wp-content\/uploads\/2024\/10\/IMG-6936e2b83a5f566de9b08baa043952fb-V-1536x1152.jpg 1536w, https:\/\/akademskaknjiga.com\/wp-content\/uploads\/2024\/10\/IMG-6936e2b83a5f566de9b08baa043952fb-V.jpg 1600w\" data-sizes=\"auto\" data-orig-sizes=\"(max-width: 1600px) 100vw, 1600px\" \/><\/p>\n<p>U sali Vasko Popa Beogradskog sajma Akademskoj knjizi je sve\u010dano uru\u010dena nagrada za najboljeg izdava\u010da 67. Me\u0111unarodnog beogradskog sajma knjiga, prema glasovima akreditovanih novinara iz 16 redakcija.<\/p>\n<p>Govor Bore Babi\u0107 na dodeli Nagrade za najboljeg izdava\u010da koju dodeljuju novinari<\/p>\n<p>Veoma sam po\u010dastvovana i sre\u0107na \u0161to ste izdava\u010dku ku\u0107u Akademska knjiga proglasili za najboljeg izdava\u010da na 67. Me\u0111unarodnom beogradskom sajmu knjiga. \u017delim da zahvalim svima vama koji ste uzeli u\u010de\u0161\u0107e u izbornom procesu. Posebno sam zahvalna \u0161to kontinuirano, vi\u0161e od 18 godina, pratite izdava\u010dki program Akademske knjige i o njemu informi\u0161ete kulturnu javnost.<br \/>\nZato, prvu vest o svakoj objavljenoj knjizi \u0161aljemo vama jer znamo da posedujete veliku intelektualnu radoznalost a \u010desto ste i prvi \u010ditaoci na\u0161ih izdanja, kako literarnih tako i teorijskih.<br \/>\nKnjiga i kultura su i dalje nasu\u0161na potreba svakog obrazovanog \u010doveka. To potvr\u0111uje i ovaj sajam knjiga. Na\u017ealost, knjige i kultura ne proizvode profit, zato mnogi \u0161tampani i elektronski mediji nemaju rubrike ili emisije iz kulture. Ipak, moramo biti optimisti i verovati u nezaustavljivu mo\u0107 knjige.<br \/>\n\u010cestitam kolegama iz Lagune i Geopoetike na ulasku u naju\u017ei izbor za Nagradu novinara, ali iskrene \u010destitke upu\u0107ujem svim izdava\u010dima na veoma uspe\u0161nom nastupu na ovom sajmu. Ovo je na\u0161a manifestacija, njen uspeh svake godine je proporcionalan broju i kvalitetu objavljenih i izlo\u017eenih knjiga svih izdava\u010da. Na\u0161i izdava\u010di su svojim izvanrednim produkcijama u proteklih skoro sedam decenija pozicionirali Beogradski sajam knjiga i podigli ga u red najva\u017enijih kulturnih doga\u0111aja u Srbiji i regionu.<br \/>\nPriznanje novinara za mene i za ceo redakcijski tim Akademske knjige ima poseban zna\u010daj. Ono je veliki podsticaj da budemo jo\u0161 bolji, da nastavimo da objavljujemo vredna dela koja kriti\u010dki analiziraju dru\u0161tvo i daju mu novu perspektivu, ali da nastavimo da objavljujemo i vanvremenska dela koja pro\u0161iruju knji\u017eevne i umetni\u010dke slobode.<br \/>\nOva nagrada pripada redakcijskom timu Akademske knjige, bez njihove ljubavi prema knjizi i ogromnog rada koji su ulo\u017eili u svako izdanje, mnogih naslova u katalogu danas ne bi bilo.<br \/>\nJo\u0161 jednom hvala svima!<\/p>","protected":false},"excerpt":{"rendered":"<p>U sali Vasko Popa Beogradskog sajma Akademskoj knjizi je sve\u010dano  [&#8230;]<\/p>\n","protected":false},"author":1,"featured_media":30158,"comment_status":"open","ping_status":"open","sticky":false,"template":"","format":"standard","meta":{"_acf_changed":false,"footnotes":""},"categories":[405],"tags":[],"autor":[],"class_list":["post-30157","post","type-post","status-publish","format-standard","has-post-thumbnail","hentry","category-novosti-sr"],"acf":[],"_links":{"self":[{"href":"https:\/\/akademskaknjiga.com\/en\/wp-json\/wp\/v2\/posts\/30157","targetHints":{"allow":["GET"]}}],"collection":[{"href":"https:\/\/akademskaknjiga.com\/en\/wp-json\/wp\/v2\/posts"}],"about":[{"href":"https:\/\/akademskaknjiga.com\/en\/wp-json\/wp\/v2\/types\/post"}],"author":[{"embeddable":true,"href":"https:\/\/akademskaknjiga.com\/en\/wp-json\/wp\/v2\/users\/1"}],"replies":[{"embeddable":true,"href":"https:\/\/akademskaknjiga.com\/en\/wp-json\/wp\/v2\/comments?post=30157"}],"version-history":[{"count":0,"href":"https:\/\/akademskaknjiga.com\/en\/wp-json\/wp\/v2\/posts\/30157\/revisions"}],"wp:featuredmedia":[{"embeddable":true,"href":"https:\/\/akademskaknjiga.com\/en\/wp-json\/wp\/v2\/media\/30158"}],"wp:attachment":[{"href":"https:\/\/akademskaknjiga.com\/en\/wp-json\/wp\/v2\/media?parent=30157"}],"wp:term":[{"taxonomy":"category","embeddable":true,"href":"https:\/\/akademskaknjiga.com\/en\/wp-json\/wp\/v2\/categories?post=30157"},{"taxonomy":"post_tag","embeddable":true,"href":"https:\/\/akademskaknjiga.com\/en\/wp-json\/wp\/v2\/tags?post=30157"},{"taxonomy":"autor","embeddable":true,"href":"https:\/\/akademskaknjiga.com\/en\/wp-json\/wp\/v2\/autor?post=30157"}],"curies":[{"name":"wp","href":"https:\/\/api.w.org\/{rel}","templated":true}]}}