{"id":27180,"date":"2023-10-20T15:14:36","date_gmt":"2023-10-20T15:14:36","guid":{"rendered":"https:\/\/akademskaknjiga.com\/?p=27180"},"modified":"2023-10-20T15:14:36","modified_gmt":"2023-10-20T15:14:36","slug":"predavanje-tome-piketija-27-oktobra-u-dvorani-kulturnog-centra-beograda","status":"publish","type":"post","link":"https:\/\/akademskaknjiga.com\/en\/predavanje-tome-piketija-27-oktobra-u-dvorani-kulturnog-centra-beograda","title":{"rendered":"PREDAVANJE TOME PIKETIJA 27. OKTOBRA U DVORANI KULTURNOG CENTRA BEOGRADA"},"content":{"rendered":"<p><img decoding=\"async\" class=\"lazyload wp-image-27181 aligncenter\" src=\"https:\/\/akademskaknjiga.com\/wp-content\/uploads\/2023\/10\/gostovanje-tome-piketija-u-beogradu-1024x1024.png\" data-orig-src=\"https:\/\/akademskaknjiga.com\/wp-content\/uploads\/2023\/10\/gostovanje-tome-piketija-u-beogradu-1024x1024.png\" alt=\"\" width=\"550\" height=\"550\" srcset=\"data:image\/svg+xml,%3Csvg%20xmlns%3D%27http%3A%2F%2Fwww.w3.org%2F2000%2Fsvg%27%20width%3D%27550%27%20height%3D%27550%27%20viewBox%3D%270%200%20550%20550%27%3E%3Crect%20width%3D%27550%27%20height%3D%27550%27%20fill-opacity%3D%220%22%2F%3E%3C%2Fsvg%3E\" data-srcset=\"https:\/\/akademskaknjiga.com\/wp-content\/uploads\/2023\/10\/gostovanje-tome-piketija-u-beogradu-12x12.png 12w, https:\/\/akademskaknjiga.com\/wp-content\/uploads\/2023\/10\/gostovanje-tome-piketija-u-beogradu-66x66.png 66w, https:\/\/akademskaknjiga.com\/wp-content\/uploads\/2023\/10\/gostovanje-tome-piketija-u-beogradu-150x150.png 150w, https:\/\/akademskaknjiga.com\/wp-content\/uploads\/2023\/10\/gostovanje-tome-piketija-u-beogradu-200x200.png 200w, https:\/\/akademskaknjiga.com\/wp-content\/uploads\/2023\/10\/gostovanje-tome-piketija-u-beogradu-300x300.png 300w, https:\/\/akademskaknjiga.com\/wp-content\/uploads\/2023\/10\/gostovanje-tome-piketija-u-beogradu-400x400.png 400w, https:\/\/akademskaknjiga.com\/wp-content\/uploads\/2023\/10\/gostovanje-tome-piketija-u-beogradu-500x500.png 500w, https:\/\/akademskaknjiga.com\/wp-content\/uploads\/2023\/10\/gostovanje-tome-piketija-u-beogradu-600x600.png 600w, https:\/\/akademskaknjiga.com\/wp-content\/uploads\/2023\/10\/gostovanje-tome-piketija-u-beogradu-700x700.png 700w, https:\/\/akademskaknjiga.com\/wp-content\/uploads\/2023\/10\/gostovanje-tome-piketija-u-beogradu-768x768.png 768w, https:\/\/akademskaknjiga.com\/wp-content\/uploads\/2023\/10\/gostovanje-tome-piketija-u-beogradu-800x800.png 800w, https:\/\/akademskaknjiga.com\/wp-content\/uploads\/2023\/10\/gostovanje-tome-piketija-u-beogradu-1024x1024.png 1024w, https:\/\/akademskaknjiga.com\/wp-content\/uploads\/2023\/10\/gostovanje-tome-piketija-u-beogradu.png 1080w\" data-sizes=\"auto\" data-orig-sizes=\"(max-width: 550px) 100vw, 550px\" \/><\/p>\n<p>U petak, 27. oktobra, sa po\u010detkom u 20 \u010dasova, Toma Piketi, jedan od najistaknutijih ekonomista i mislilaca dana\u0161njice, odr\u017ea\u0107e predavanje \u201eKratka istorija jednakosti\u201c u Dvorani Kulturnog centra Beograda (Kolar\u010deva 6). Tom prilikom bi\u0107e mu uru\u010dena nagrada IFDT-a \u201eMiladin \u017divoti\u0107\u201c za kriti\u010dki anga\u017eman.<\/p>\n<p>Predavanje \u0107e biti na engleskom jeziku, bez prevoda. Ulaz je slobodan. Broj mesta je ograni\u010den.<\/p>\n<p>Predavanje \u0107e biti u\u017eivo preno\u0161eno i na internetu.<\/p>\n<p>Gostovanje Tome Piketija u toku Me\u0111unarodnog beogradskog sajma knjiga, na kome je Francuska po\u010dasni gost, organizuju Akademska knjiga, Francuski institut u Srbiji i Institut za filozofiju i dru\u0161tvenu teoriju, uz podr\u0161ku Kulturnog centra Beograda.<\/p>\n<p>Piketi \u0107e gostovati na Sajmu knjiga sutradan, u subotu 28. oktobra od 12.30 \u010dasova, na Francuskom \u0161tandu, kada je predvi\u0111en razgovor sa medijima u prisustvu posetilaca. Toma Piketi \u0107e knjige potpisivati na \u0161tandu Akademske knjige u hali 1 u 13.30 \u010dasova.<\/p>\n<p>_____<\/p>\n<p>Toma Piketi (<em>Thomas Piketty<\/em>), francuski ekonomista, ro\u0111en je 1971. Profesor je na\u00a0<em>\u00c9cole d&#8217;\u00e9conomie de Paris<\/em>\u00a0i na\u00a0<em>\u00c9cole des Hautes \u00c9tudes en Sciences Sociales<\/em>\u00a0(EHESS). Objavljivanjem nau\u010dnog bestselera <em>Kapital u XXI veku<\/em> (<em>Le capital au XXIe si\u00e8cle<\/em>, 2013) Toma Piketi je izazvao veliku pa\u017enju svetske javnosti. U svetu je prodato preko 2,5 miliona primeraka. Knjiga je prevedena na vi\u0161e od 40 svetskih jezika. Glavna tema knjige je nejednakost u bogatstvu i prihodima u Evropi i Sjedinjenim Ameri\u010dkim Dr\u017eavama od 18. veka. Piketi je jedan od najgromoglasnijih zagovornika progresivnog oporezivanja dohotka i bogatstva na globalnom nivou kako bi se smanjila nejednakost u svetu. Po ovoj knjizi snimljen je dugometra\u017eni film u re\u017eiji novozelandskog re\u017eisera D\u017eastina Pembertona.<\/p>\n<p>Akademska knjiga je objavila Piketijeve knjige <em>Kapital u XXI veku<\/em>, <em>Jedva \u010dekam socijalizam<\/em> i <em>Kratka istorija jednakosti<\/em>. Za Sajam knjiga izlaze dve nove Piketijeve knjige <em>Kapital i ideologija<\/em> i <em>Sagledati razmere rasizma, pobediti diskriminaciju.<\/em><\/p>\n<p>&nbsp;<\/p>","protected":false},"excerpt":{"rendered":"<p>U petak, 27. oktobra, sa po\u010detkom u 20 \u010dasova, Toma  [&#8230;]<\/p>\n","protected":false},"author":1,"featured_media":27181,"comment_status":"open","ping_status":"open","sticky":false,"template":"","format":"standard","meta":{"_acf_changed":false,"footnotes":""},"categories":[405],"tags":[],"autor":[],"class_list":["post-27180","post","type-post","status-publish","format-standard","has-post-thumbnail","hentry","category-novosti-sr"],"acf":[],"_links":{"self":[{"href":"https:\/\/akademskaknjiga.com\/en\/wp-json\/wp\/v2\/posts\/27180","targetHints":{"allow":["GET"]}}],"collection":[{"href":"https:\/\/akademskaknjiga.com\/en\/wp-json\/wp\/v2\/posts"}],"about":[{"href":"https:\/\/akademskaknjiga.com\/en\/wp-json\/wp\/v2\/types\/post"}],"author":[{"embeddable":true,"href":"https:\/\/akademskaknjiga.com\/en\/wp-json\/wp\/v2\/users\/1"}],"replies":[{"embeddable":true,"href":"https:\/\/akademskaknjiga.com\/en\/wp-json\/wp\/v2\/comments?post=27180"}],"version-history":[{"count":0,"href":"https:\/\/akademskaknjiga.com\/en\/wp-json\/wp\/v2\/posts\/27180\/revisions"}],"wp:featuredmedia":[{"embeddable":true,"href":"https:\/\/akademskaknjiga.com\/en\/wp-json\/wp\/v2\/media\/27181"}],"wp:attachment":[{"href":"https:\/\/akademskaknjiga.com\/en\/wp-json\/wp\/v2\/media?parent=27180"}],"wp:term":[{"taxonomy":"category","embeddable":true,"href":"https:\/\/akademskaknjiga.com\/en\/wp-json\/wp\/v2\/categories?post=27180"},{"taxonomy":"post_tag","embeddable":true,"href":"https:\/\/akademskaknjiga.com\/en\/wp-json\/wp\/v2\/tags?post=27180"},{"taxonomy":"autor","embeddable":true,"href":"https:\/\/akademskaknjiga.com\/en\/wp-json\/wp\/v2\/autor?post=27180"}],"curies":[{"name":"wp","href":"https:\/\/api.w.org\/{rel}","templated":true}]}}