{"id":54,"count":4,"description":"<table class=\"contentpaneopen\">\r\n<tbody>\r\n<tr>\r\n<td valign=\"top\"><img class=\"wp-image-1639 additional-class alignleft\" src=\"https:\/\/akademskaknjiga.com\/wp-content\/uploads\/2019\/01\/Gorana_Raicevic-300x300.jpg\" alt=\"\" width=\"220\" height=\"220\" \/>\r\n\r\n<strong>Gorana<\/strong> ( Krklju\u0161 ) <strong>Rai\u010devi\u0107<\/strong>, ro\u0111ena u Novom Sadu gde \u017eivi i radi.\r\nOsnovne studije Srpske i op\u0161te knji\u017eevnosti zavr\u0161ila na Univerzitetu u Novom Sadu, a postdiplomske na Univerzitetu u Beogradu. R<span style=\"font-family: inherit;font-size: inherit\">adi na Filozofskom fakultetu u Novom Sadu, gde  kao redovni profesor predaje Knji\u017eevnost srpske moderne, Knji\u017eevnost srpske avangarde, Poetiku Milo\u0161a Crnjanskog, Poetiku Ive Andri\u0107a i Savremene knji\u017eevne teorije. Urednica je u izdava\u010dkoj ku\u0107i \u201eAkademska knjiga\u201c. Prevodi sa engleskog jezika. <\/span><span style=\"font-family: inherit;font-size: inherit\">Prou\u010dava srpsku knji\u017eevnost devetnaestog i dvadesetog veka i prevodi sa engleskog i francuskog jezika. Prevela je knjige: <\/span><i style=\"font-family: inherit;font-size: inherit\">Anatomija kritike<\/i><span style=\"font-family: inherit;font-size: inherit\"> (2007) Nortropa Fraja i <\/span><i style=\"font-family: inherit;font-size: inherit\">Veliki lanac bi\u0107a<\/i><span style=\"font-family: inherit;font-size: inherit\"> (2014) Artura Lavd\u017eoja.<\/span><i style=\"font-family: inherit;font-size: inherit\"> <\/i><span style=\"font-family: inherit;font-size: inherit\">Autorka je knjiga: <\/span><i style=\"font-family: inherit;font-size: inherit\">\u010citanje kao kreacija<\/i><span style=\"font-family: inherit;font-size: inherit\"> (1997), <\/span><i style=\"font-family: inherit;font-size: inherit\">Laza Lazarevi\u0107 \u2013 Junak na\u0161ih dana<\/i><span style=\"font-family: inherit;font-size: inherit\"> (2002, 2007), <\/span><i style=\"font-family: inherit;font-size: inherit\">Eseji Milo\u0161a Crnjanskog<\/i><span style=\"font-family: inherit;font-size: inherit\"> (2005),  <\/span><i style=\"font-family: inherit;font-size: inherit\">Drugi svet<\/i><span style=\"font-family: inherit;font-size: inherit\"> (2010), <\/span><i style=\"font-family: inherit;font-size: inherit\">Krotitel\u0458i sudbine: o Crnjanskom i Andri\u0107u<\/i><span style=\"font-family: inherit;font-size: inherit\"> (2010), <\/span><i style=\"font-family: inherit;font-size: inherit\">Komentari \u201eDnevnika o \u010carnojevi\u0107u\u201c<\/i><span style=\"font-family: inherit;font-size: inherit\"> (2010). Autor je desetine radova u doma\u0107im i stranim nau\u010dnim \u010dasopisima i publikacijama.<\/span><\/td>\r\n<\/tr>\r\n<\/tbody>\r\n<\/table>\r\n<span class=\"article_separator\"> <\/span>","link":"https:\/\/akademskaknjiga.com\/en\/autori\/gorana-raicevic","name":"Gorana Rai\u010devi\u0107","slug":"gorana-raicevic","taxonomy":"autor","meta":[],"acf":[],"_links":{"self":[{"href":"https:\/\/akademskaknjiga.com\/en\/wp-json\/wp\/v2\/autor\/54","targetHints":{"allow":["GET"]}}],"collection":[{"href":"https:\/\/akademskaknjiga.com\/en\/wp-json\/wp\/v2\/autor"}],"about":[{"href":"https:\/\/akademskaknjiga.com\/en\/wp-json\/wp\/v2\/taxonomies\/autor"}],"wp:post_type":[{"href":"https:\/\/akademskaknjiga.com\/en\/wp-json\/wp\/v2\/posts?autor=54"},{"href":"https:\/\/akademskaknjiga.com\/en\/wp-json\/wp\/v2\/pages?autor=54"},{"href":"https:\/\/akademskaknjiga.com\/en\/wp-json\/wp\/v2\/product?autor=54"}],"curies":[{"name":"wp","href":"https:\/\/api.w.org\/{rel}","templated":true}]}}