{"id":320,"count":1,"description":"<strong><img class=\"wp-image-2134 additional-class alignleft\" src=\"https:\/\/akademskaknjiga.com\/wp-content\/uploads\/2019\/02\/Walter_Benjamin_vers_1928-248x300.jpg\" alt=\"\" width=\"172\" height=\"208\" \/>Valter Bendiks \u0160onflis Benjamin<\/strong> (nem. Walter Bendix Sch\u00f6nflies Benjamin; Berlin, 15. jul 1892 \u2014 Portbou, 27. septembar 1940) je bio nema\u010dki intelektualac (filozof, teoreti\u010dar kulture, sociolog, knji\u017eevni kriti\u010dar, prevodilac i esejista) jevrejskog porekla koji spada u grupu intelektualaca okupljenih oko Frankfurtske \u0161kole kriti\u010dke teorije. Njegovo najpoznatije delo je \u201eUmetnost u doba tehni\u010dke reprodukcije\u201c (nem. Das \u041aunstwerk im Zeitalter seiner technischen Reproduzierbarkeit) objavljeno 1936. godine.\r\nDela Valtera Benjamina su: <em>\u041aritika nasilja<\/em> 1921.(Zur \u041aritik der Gewalt) <em>Jednosmerna ulica<\/em> 1928. (Einbahnstra\u00dfe) <em>Berlinsko detinjstvo<\/em> 1950. (Berliner \u041aindheit um 1900)<em> O fotografiji i umetnosti<\/em> 1936.\r\nOd objave Valterovih knji\u017eevnih dela, petnaest godina nakon njegove smrti, Valterovi radovi, posebno delo <em>O fotografiji i umetnosti<\/em>, dobili su zna\u010daj me\u0111u akademcima humanisti\u010dkih diciplina. Sredi\u0161te organizacije koja ga je sledila nalazilo se u \u041aarsluu u Nema\u010dkoj. Predsednik organizacije bio je Bernd Vite, svetski poznat u\u010denik Benjamina i profesor Moderne nema\u010dke literature u Diseldorfu. \u010clanovi organizacije bili su iz devetnaest razli\u010ditih zemalja iz i van Evrope.","link":"https:\/\/akademskaknjiga.com\/en\/autori\/valter-benjaminwalter-benjamin","name":"Valter Benjamin (Walter Benjamin)","slug":"valter-benjaminwalter-benjamin","taxonomy":"autor","meta":[],"acf":[],"_links":{"self":[{"href":"https:\/\/akademskaknjiga.com\/en\/wp-json\/wp\/v2\/autor\/320","targetHints":{"allow":["GET"]}}],"collection":[{"href":"https:\/\/akademskaknjiga.com\/en\/wp-json\/wp\/v2\/autor"}],"about":[{"href":"https:\/\/akademskaknjiga.com\/en\/wp-json\/wp\/v2\/taxonomies\/autor"}],"wp:post_type":[{"href":"https:\/\/akademskaknjiga.com\/en\/wp-json\/wp\/v2\/posts?autor=320"},{"href":"https:\/\/akademskaknjiga.com\/en\/wp-json\/wp\/v2\/pages?autor=320"},{"href":"https:\/\/akademskaknjiga.com\/en\/wp-json\/wp\/v2\/product?autor=320"}],"curies":[{"name":"wp","href":"https:\/\/api.w.org\/{rel}","templated":true}]}}