{"id":307,"count":2,"description":"\u041aulzer je studirao na Univerzitetu u \u041aelnu, prvo pravnu istoriju, zatim vizantijsku, anti\u010dku, srednjovekovnu i novu istoriju.  Od 1997. godine radi kao asistent istra\u017eiva\u010da u Austrijskoj akademiji nauka u Be\u010du.\r\n\r\nPredaje na univerzitetima u \u041aelnu i Be\u010du. Godine 2002. bio je gostuju\u0107i profesor na Centralnoevropskom univerzitetu u Budimpe\u0161ti. \u041aulzer je \u010dlan odbora austrijskog vizantijskog dru\u0161tva.\r\n\r\nNjagova izdanja se prvenstveno bave pitanjima o istorijskoj geografiji vizantijskog prostora i vizantijskoj istoriografiji, kulturnoj i mentalnoj istoriji.","link":"https:\/\/akademskaknjiga.com\/en\/autori\/editors-andreas-kulzer","name":"Andreas Kilcer (Andreas K\u00fclzer)","slug":"editors-andreas-kulzer","taxonomy":"autor","meta":[],"acf":[],"_links":{"self":[{"href":"https:\/\/akademskaknjiga.com\/en\/wp-json\/wp\/v2\/autor\/307","targetHints":{"allow":["GET"]}}],"collection":[{"href":"https:\/\/akademskaknjiga.com\/en\/wp-json\/wp\/v2\/autor"}],"about":[{"href":"https:\/\/akademskaknjiga.com\/en\/wp-json\/wp\/v2\/taxonomies\/autor"}],"wp:post_type":[{"href":"https:\/\/akademskaknjiga.com\/en\/wp-json\/wp\/v2\/posts?autor=307"},{"href":"https:\/\/akademskaknjiga.com\/en\/wp-json\/wp\/v2\/pages?autor=307"},{"href":"https:\/\/akademskaknjiga.com\/en\/wp-json\/wp\/v2\/product?autor=307"}],"curies":[{"name":"wp","href":"https:\/\/api.w.org\/{rel}","templated":true}]}}