{"id":269,"count":1,"description":"<img class=\"size-full wp-image-7302 additional-class alignleft\" src=\"https:\/\/akademskaknjiga.com\/wp-content\/uploads\/2021\/05\/37752.jpg\" alt=\"Paolo Virno\" width=\"187\" height=\"266\" \/>\r\n\r\n<b>Paolo Virno<\/b> (1952.) je italijanski filozof, semiolog i lider italijanskog marksisti\u010dkog pokreta. Kao pripadnik ilegalnih dru\u0161tvenih pokreta tokom 1960-ih i 1970-ih, Virno je uhap\u0161en i zatvoren 1979. godine, i optu\u017een za pripadnost Crvenim brigadama. <b>Paolo Virno <\/b>je proveo  nekoliko godina u zatvoru pre nego \u0161to je kona\u010dno oslobo\u0111en, nakon \u010dega je organizovao publikaciju \u201eLuogo Comune\u201c kako bi vokalizovao politi\u010dke ideje koje je razvio tokom zatvora. Virno trenutno predaje filozofiju na Univerzitetu u Rimu. Neki od njegovih va\u017enijih radova su: <i>Convenzione e Materialismo<\/i> (1986), <i>Opportunisme, Cynisme et Peur. Ambivalence du D\u00e9senchantement Suivi de les Labyrinthes de la Langue<\/i> (1991), <i>Mondanit\u00e0. L'idea di \"Mondo\" tra Esperienza Sensibile e Sfera Pubblica<\/i> (1994), <i>Parole con parole. Poteri e Limiti del Linguaggio<\/i> (1995).","link":"https:\/\/akademskaknjiga.com\/en\/autori\/paolo-virno","name":"Paolo Virno (Paolo Virno)","slug":"paolo-virno","taxonomy":"autor","meta":[],"acf":[],"_links":{"self":[{"href":"https:\/\/akademskaknjiga.com\/en\/wp-json\/wp\/v2\/autor\/269","targetHints":{"allow":["GET"]}}],"collection":[{"href":"https:\/\/akademskaknjiga.com\/en\/wp-json\/wp\/v2\/autor"}],"about":[{"href":"https:\/\/akademskaknjiga.com\/en\/wp-json\/wp\/v2\/taxonomies\/autor"}],"wp:post_type":[{"href":"https:\/\/akademskaknjiga.com\/en\/wp-json\/wp\/v2\/posts?autor=269"},{"href":"https:\/\/akademskaknjiga.com\/en\/wp-json\/wp\/v2\/pages?autor=269"},{"href":"https:\/\/akademskaknjiga.com\/en\/wp-json\/wp\/v2\/product?autor=269"}],"curies":[{"name":"wp","href":"https:\/\/api.w.org\/{rel}","templated":true}]}}