{"id":235,"count":1,"description":"<strong><img class=\"wp-image-2058 additional-class alignleft\" src=\"https:\/\/akademskaknjiga.com\/wp-content\/uploads\/2019\/02\/Vera_Kopicl.jpg\" alt=\"\" width=\"143\" height=\"180\" \/>Vera Kopicl<\/strong> je zavr\u0161ila Filozofski fakultet u Novom Sadu, Odsek za jugoslovensku i op\u0161tu knji\u017eevnost. Specijalizacija: ACIMSI, Centar za rodne studije Univerziteta u Novom Sadu sa temom \u201eDekonstrukcija rodnih stereotipa u video-artu\u201d.\r\nOsnovala i programski ure\u0111ivala Me\u0111unarodni video-festival VideoMedeja.\r\nAutorka i koautorka izlo\u017ebi novosadskih slikarki i \u010dasopisa \u017dena Milice Tomi\u0107, kustoskinja video-radova multimedijalne izlo\u017ebe Dnevna soba u okviru Sterijinog pozorja, urednica zbornika tekstova VideoMedeja.\r\n\u010clanica uredni\u0161tva \u010dasopisa <em>Interkulturalnost<\/em>.\r\nObjavljivala u \u010dasopisima <em>Kultura, Interkulturalnost, Art centrala, ProFemina<\/em>.\r\nZaposlena u S\u0160 \u201eSvetozar Mileti\u0107\u201d kao profesorka srpskog jezika i knji\u017eevnosti.","link":"https:\/\/akademskaknjiga.com\/en\/autori\/vera-kopicl","name":"Vera Kopicl","slug":"vera-kopicl","taxonomy":"autor","meta":[],"acf":[],"_links":{"self":[{"href":"https:\/\/akademskaknjiga.com\/en\/wp-json\/wp\/v2\/autor\/235","targetHints":{"allow":["GET"]}}],"collection":[{"href":"https:\/\/akademskaknjiga.com\/en\/wp-json\/wp\/v2\/autor"}],"about":[{"href":"https:\/\/akademskaknjiga.com\/en\/wp-json\/wp\/v2\/taxonomies\/autor"}],"wp:post_type":[{"href":"https:\/\/akademskaknjiga.com\/en\/wp-json\/wp\/v2\/posts?autor=235"},{"href":"https:\/\/akademskaknjiga.com\/en\/wp-json\/wp\/v2\/pages?autor=235"},{"href":"https:\/\/akademskaknjiga.com\/en\/wp-json\/wp\/v2\/product?autor=235"}],"curies":[{"name":"wp","href":"https:\/\/api.w.org\/{rel}","templated":true}]}}