{"id":201,"count":1,"description":"<img class=\"wp-image-1674 additional-class alignleft\" src=\"https:\/\/akademskaknjiga.com\/wp-content\/uploads\/2019\/01\/Massimo-Recalcati-300x189.jpg\" alt=\"\" width=\"244\" height=\"154\" \/>\r\n\r\n<strong>Masimo Rekalkati<\/strong> (Massimo Recalcati<em>)<\/em> jedan je od najpoznatijih lakanovskih psihoanaliti\u010dara u Italiji. Psihonalizu je studirao i usavr\u0161avao u Milanu i Parizu kod \u017daka Alana Milera. \u010clan je Italijanskog lakanovskog udru\u017eenja psihoanaliti\u010dara, nau\u010dni direktor Instituta za istra\u017eivanje primenjene psihoanalize (IRPA) i osniva\u010d Centra klini\u010dke psihonalize za nove simptome \u201eJonas Onlus\u201c. Njegova brojna izdanja prevedena su na razli\u010dite jezike.","link":"https:\/\/akademskaknjiga.com\/en\/autori\/masimo-rekalkati-massimo-recalcati","name":"Masimo Rekalkati (Massimo Recalcati)","slug":"masimo-rekalkati-massimo-recalcati","taxonomy":"autor","meta":[],"acf":[],"_links":{"self":[{"href":"https:\/\/akademskaknjiga.com\/en\/wp-json\/wp\/v2\/autor\/201","targetHints":{"allow":["GET"]}}],"collection":[{"href":"https:\/\/akademskaknjiga.com\/en\/wp-json\/wp\/v2\/autor"}],"about":[{"href":"https:\/\/akademskaknjiga.com\/en\/wp-json\/wp\/v2\/taxonomies\/autor"}],"wp:post_type":[{"href":"https:\/\/akademskaknjiga.com\/en\/wp-json\/wp\/v2\/posts?autor=201"},{"href":"https:\/\/akademskaknjiga.com\/en\/wp-json\/wp\/v2\/pages?autor=201"},{"href":"https:\/\/akademskaknjiga.com\/en\/wp-json\/wp\/v2\/product?autor=201"}],"curies":[{"name":"wp","href":"https:\/\/api.w.org\/{rel}","templated":true}]}}