{"id":157,"count":1,"description":"<strong>Terez Miler<\/strong> je ro\u0111ena 7. aprila 1877. u Horgo\u0161u kao sedmo dete u dobrostoje\u0107oj i radinoj porodici ma\u0111arskih Jevreja. Tokom \u017eivota najvi\u0161e se bavila trgovinom, a uz to veoma ve\u0161to i \u0161ivenjem odevnih predmeta, izradom ru\u010dnih radova, torbi i lutaka, od \u010dega se u pojedinim kriznim periodima izdr\u017eavala. Iako po obrazovanju nije odmakla od osnovne \u0161kole, rado je pose\u0107ivala pozori\u0161ne i operske predstave, svirala je klavir, a u njenoj biblioteci nalazila su se dela evropskih klasika i filozofska literatura.\r\nBuran \u017eivot vodio ju je kroz dva svetska rata, izme\u0111u ostalog bila je izvedena na pogubljenje u Novosadskoj raciji 1942. Vi\u0161e puta je gubila sve, da bi po\u010dinjala iz po\u010detka i svojom sna\u017enom voljom i nadljudskim naporima uspevala da do kraja vodi \u017eivot dostojan \u010doveka. Bila je omiljena u dru\u0161tvu i porodici, u kojoj je stasao i na\u0161 poznati knji\u017eevnik akademik Aleksandar Ti\u0161ma. Preminula je u 97. godini, 15. septembra 1973.","link":"https:\/\/akademskaknjiga.com\/en\/autori\/terez-miler-muller-terez","name":"Terez Miler (M\u00fcller Ter\u00e9z)","slug":"terez-miler-muller-terez","taxonomy":"autor","meta":[],"acf":[],"_links":{"self":[{"href":"https:\/\/akademskaknjiga.com\/en\/wp-json\/wp\/v2\/autor\/157","targetHints":{"allow":["GET"]}}],"collection":[{"href":"https:\/\/akademskaknjiga.com\/en\/wp-json\/wp\/v2\/autor"}],"about":[{"href":"https:\/\/akademskaknjiga.com\/en\/wp-json\/wp\/v2\/taxonomies\/autor"}],"wp:post_type":[{"href":"https:\/\/akademskaknjiga.com\/en\/wp-json\/wp\/v2\/posts?autor=157"},{"href":"https:\/\/akademskaknjiga.com\/en\/wp-json\/wp\/v2\/pages?autor=157"},{"href":"https:\/\/akademskaknjiga.com\/en\/wp-json\/wp\/v2\/product?autor=157"}],"curies":[{"name":"wp","href":"https:\/\/api.w.org\/{rel}","templated":true}]}}