{"id":1144,"count":1,"description":"<img class=\"wp-image-7291 additional-class alignleft\" src=\"https:\/\/akademskaknjiga.com\/wp-content\/uploads\/2021\/05\/Feraris.jpg\" alt=\"feraris\" width=\"268\" height=\"152\" \/>\r\n\r\n<b>Mauricio Feraris<\/b> (Maurizio Ferraris, 1956. Torino) je italijanski filozof i nau\u010dnik, \u010dije je ime posebno povezano sa filozofskom strujom nazvanom \u201enovi realizam\u201c \u2013 Ferraris je 2012. godine napisao <i>Manifest novog realizma<\/i>, koji je objavio SUNY Press u 2014. \u2013 koja deli zna\u010dajne sli\u010dnosti sa spekulativnim realizmom i objektno orijentisanom ontologijom.\r\n\r\nU\u010denik \u0110anija Vatima, pod uticajem \u017daka Derride, Feraris je po\u010deo kao teoreti\u010dar hermeneutike pre nego \u0161to je svoju pa\u017enju usmerio na analiti\u010dku filozofiju. Tokom godina uspeo je da stvori efikasnu sintezu izme\u0111u dva pristupa, stvarajuc\u0301i novi ontolo\u0161ki realizam koji odbacuje Kantov \u0161ematizam u domenu saznanja.\r\n\r\nOd 1995. godine, Mauricio Feraris je profesor filozofije na Odeljenju za knji\u017eevnost i filozofiju na Univerzitetu u Torinu, gde tako\u0111e vodi LabOnt (Laboratorija za ontologiju). Studirao je u Torinu, Parizu i Hajdelbergu i predavao je na velikim evropskim univerzitetima. Urednik je \u010dasopisa \u201eRivista di Estetica\u201c i \u010dlan je uredni\u0161tva \u201eCritiqu\u201c. Od 1989. do 2010. Feraris je redovno doprinosio kulturnom dodatku italijanskog lista \u201eIl Sole 24 ORE\u201c. Od 2010. godine pi\u0161e za kulturnu sekciju \u201eLa Repubblica\u201c. Njegove glavne stru\u010dne oblasti su hermeneutika, estetika i ontologija.","link":"https:\/\/akademskaknjiga.com\/en\/autori\/mauricio-feraris","name":"Mauricio Feraris (Maurizio Ferraris)","slug":"mauricio-feraris","taxonomy":"autor","meta":[],"acf":[],"_links":{"self":[{"href":"https:\/\/akademskaknjiga.com\/en\/wp-json\/wp\/v2\/autor\/1144","targetHints":{"allow":["GET"]}}],"collection":[{"href":"https:\/\/akademskaknjiga.com\/en\/wp-json\/wp\/v2\/autor"}],"about":[{"href":"https:\/\/akademskaknjiga.com\/en\/wp-json\/wp\/v2\/taxonomies\/autor"}],"wp:post_type":[{"href":"https:\/\/akademskaknjiga.com\/en\/wp-json\/wp\/v2\/posts?autor=1144"},{"href":"https:\/\/akademskaknjiga.com\/en\/wp-json\/wp\/v2\/pages?autor=1144"},{"href":"https:\/\/akademskaknjiga.com\/en\/wp-json\/wp\/v2\/product?autor=1144"}],"curies":[{"name":"wp","href":"https:\/\/api.w.org\/{rel}","templated":true}]}}