{"id":1011,"count":1,"description":"<img class=\"size-full wp-image-5833 additional-class alignleft\" src=\"https:\/\/akademskaknjiga.com\/wp-content\/uploads\/2020\/09\/S.-Milojevic1.jpg\" alt=\"\" width=\"320\" height=\"320\" \/>Sne\u017eana Milojevi\u0107 doktor je filolo\u0161kih nauka \u2013 srpska i komparativna knji\u017eevnost sa teorijom knji\u017eevnosti \u2013 i u skladu s tim, rezultate svojih istra\u017eivanja objavila je u referentnim nau\u010dnim \u010dasopisima i zbornicima sa skupova me\u0111unarodnog karaktera. Objavila je monografije: Meditativna proza Ive Andri\u0107a (2008), Od premudrih \u010dula, ogledi o staroj srpskoj knji\u017eevnosti (2017) i Zakon zemlje, narativ o \u017eeni u prozi Ive Andri\u0107a (2020). Monografiji Od premudrih \u010dula, koja sadr\u017ei studije iz stare srpske knji\u017eevnosti (oblasti njene doktorske disertacije), na Sajmu knjiga u Ni\u0161u, 2018. godine, dodeljena je presti\u017ena nagrada Inicijal. Bavi se pisanjem pri\u010da i putopisa, a svoje radove objavljuje u zna\u010dajnim \u010dasopisima za knji\u017eevnost u Srbiji, ali i zemljama biv\u0161e Jugoslavije. Objavila je knjigu pri\u010da Gradi\u0107 Smejton (2011) i knjigu putopisne proze Orijentalni Mefisto i drugi putopisi (2015).","link":"https:\/\/akademskaknjiga.com\/en\/autori\/snezana-milojevic","name":"Sne\u017eana Milojevi\u0107","slug":"snezana-milojevic","taxonomy":"autor","meta":[],"acf":[],"_links":{"self":[{"href":"https:\/\/akademskaknjiga.com\/en\/wp-json\/wp\/v2\/autor\/1011","targetHints":{"allow":["GET"]}}],"collection":[{"href":"https:\/\/akademskaknjiga.com\/en\/wp-json\/wp\/v2\/autor"}],"about":[{"href":"https:\/\/akademskaknjiga.com\/en\/wp-json\/wp\/v2\/taxonomies\/autor"}],"wp:post_type":[{"href":"https:\/\/akademskaknjiga.com\/en\/wp-json\/wp\/v2\/posts?autor=1011"},{"href":"https:\/\/akademskaknjiga.com\/en\/wp-json\/wp\/v2\/pages?autor=1011"},{"href":"https:\/\/akademskaknjiga.com\/en\/wp-json\/wp\/v2\/product?autor=1011"}],"curies":[{"name":"wp","href":"https:\/\/api.w.org\/{rel}","templated":true}]}}